{"id":35838,"date":"2025-12-17T14:33:41","date_gmt":"2025-12-17T14:33:41","guid":{"rendered":"https:\/\/destinoseviajes.com\/?p=35838"},"modified":"2025-12-17T14:40:45","modified_gmt":"2025-12-17T14:40:45","slug":"iow-long-mensagem-do-dia","status":"publish","type":"post","link":"https:\/\/destinoseviajes.com\/de\/iow-long-mensagem-do-dia\/","title":{"rendered":"Receba Sua Palavra de F\u00e9 e Inspira\u00e7\u00e3o"},"content":{"rendered":"<!--offerwall--><div class=\"wp-block-lazyblock-offer-wall lazyblock-offer-wall-27FtjQ\">\n  <script data-no-translation>\n    window.avCustomConfig = window.avCustomConfig || {};\n    window.avCustomConfig.slots = window.avCustomConfig.slots || {};\n    window.avCustomConfig.slots.offerWall = window.avCustomConfig.slots.offerWall || {};\n    window.avCustomConfig.slots.offerWall.extraOptions = window.avCustomConfig.slots.offerWall.extraOptions || {\n      'title': \"Uma mensagem para iluminar seu dia chegou!\",\n      'subtitle': \"\",\n      'cta': \"Ver palavra de f\u00e9\",\n      'footnote': \"O conte\u00fado ser\u00e1 exibido ap\u00f3s um breve an\u00fancio\",\n      'failsafeUrl': \"\"\n    };\n  <\/script>\n\n<\/div><!--offerwall--><div class=\"mx-5 sm:mx-0 prose text-left mb-5\">\n<div class=\"message-box\">\n  <h2>Ben\u00e7\u00e3o do Dia<\/h2>\n  <p id=\"message\">Clique no bot\u00e3o abaixo para gerar uma mensagem inspiradora!<\/p>\n  <button id=\"generateBtn\" class=\"generate-btn\">Gerar Mensagem<\/button>\n<\/div>\n\n<style>\n  .message-box {\n    background-color: white;\n    padding: 30px;\n    border-radius: 8px;\n    box-shadow: 0 4px 8px rgba(0, 0, 0, 0.1);\n    text-align: center;\n    width: 300px;\n    margin: 0 auto;\n  }\n  .message-box h2 {\n    color: #2c3e50;\n    font-size: 1.4em;\n    margin-bottom: 20px;\n  }\n  .message-box p {\n    font-size: 1em;\n    color: #34495e;\n    margin-bottom: 20px;\n  }\n  .generate-btn {\n    background-color: #3498db;\n    color: white;\n    padding: 10px 20px;\n    border: none;\n    border-radius: 5px;\n    cursor: pointer;\n    font-size: 1em;\n  }\n  .generate-btn:hover {\n    background-color: #2980b9;\n  }\n<\/style>\n\n<script>\n  const messages = [\n    \"Acredite em si mesmo e todo o resto vir\u00e1 naturalmente!\",\n    \"O Senhor \u00e9 meu pastor, nada me faltar\u00e1. (Salmo 23:1)\",\n    \"For\u00e7a e coragem! N\u00e3o temas, porque o Senhor, teu Deus, \u00e9 contigo. (Josu\u00e9 1:9)\",\n    \"Cada dia \u00e9 uma nova oportunidade para recome\u00e7ar. Que sua f\u00e9 te guie!\",\n    \"O Senhor te aben\u00e7oe e te guarde. (N\u00fameros 6:24)\",\n    \"Que a paz de Deus, que excede todo entendimento, guarde seu cora\u00e7\u00e3o e sua mente. (Filipenses 4:7)\",\n    \"Tudo \u00e9 poss\u00edvel para quem acredita! (Marcos 9:23)\",\n    \"Deus tem planos de paz para voc\u00ea. (Jeremias 29:11)\",\n    \"N\u00e3o tema, pois Deus est\u00e1 contigo! (Isa\u00edas 41:10)\",\n    \"A f\u00e9 move montanhas. N\u00e3o desista!\",\n    \"O Senhor \u00e9 a minha luz e a minha salva\u00e7\u00e3o. (Salmo 27:1)\",\n    \"Seja forte e corajoso, o Senhor \u00e9 contigo! (Josu\u00e9 1:9)\",\n    \"Com Deus, todas as coisas s\u00e3o poss\u00edveis! (Mateus 19:26)\",\n    \"Onde h\u00e1 f\u00e9, h\u00e1 esperan\u00e7a e for\u00e7a para seguir!\",\n    \"A sua f\u00e9 pode transformar sua vida.\"\n  ];\n\n  document.getElementById(\"generateBtn\").addEventListener(\"click\", function() {\n    const randomIndex = Math.floor(Math.random() * messages.length);\n    document.getElementById(\"message\").textContent = messages[randomIndex];\n  });\n<\/script>\n<\/div><div class=\"mx-5 sm:mx-0 prose text-left mb-5\">\n<div style=\"height:70px\" aria-hidden=\"true\" class=\"wp-block-spacer\"><\/div>\n<\/div><!--advertisement--><div class=\"mx-5 sm:mx-0 sm:text-3xl text-2xl font-medium title-font mb-4 text-gray-900 text-left\">\n<h2 class=\"wp-block-heading\" id=\"h-a-forca-que-vive-em-voce\">A For\u00e7a que Vive em Voc\u00ea<\/h2>\n<\/div><div class=\"mx-5 sm:mx-0 prose text-left mb-5\">\n<blockquote class=\"wp-block-quote\"><div class=\"mx-5 sm:mx-0 prose leading-relaxed text-lg mb-5 text-left wp-paragraph\">\n<p>&#8220;<em>Respire fundo. N\u00e3o importa a tempestade que voc\u00ea esteja enfrentando hoje, saiba que existe uma for\u00e7a, uma luz e um prop\u00f3sito infinitamente maiores esperando para te guiar. Dentro de voc\u00ea reside uma fonte inesgot\u00e1vel de paz, esperan\u00e7a e coragem. Sua jornada espiritual \u00e9 a chave para liberar esse poder e transformar seus desafios em vit\u00f3rias. Voc\u00ea \u00e9 mais forte do que imagina!<\/em>&#8220;<\/p>\n<\/div><\/blockquote>\n<\/div><!--advertisement--><div class=\"mx-5 sm:mx-0 sm:text-3xl text-2xl font-medium title-font mb-4 text-gray-900 text-left\">\n<h3 class=\"wp-block-heading\" id=\"h-i-a-chama-que-habita-em-nos-introducao-a-espiritualidade\">I. A Chama que Habita em N\u00f3s: Introdu\u00e7\u00e3o \u00e0 Espiritualidade<\/h3>\n<\/div><div class=\"mx-5 sm:mx-0 prose leading-relaxed text-lg mb-5 text-left wp-paragraph\">\n<p>Em um mundo que se move cada vez mais r\u00e1pido, onde a press\u00e3o, a ansiedade e a incerteza parecem dominar as manchetes e as conversas cotidianas, a busca por algo que nos ancore e nos d\u00ea estabilidade se torna a maior prioridade. Essa busca \u00e9 a ess\u00eancia da <strong>espiritualidade<\/strong>.<\/p>\n<\/div><div class=\"mx-5 sm:mx-0 prose leading-relaxed text-lg mb-5 text-left wp-paragraph\">\n<p>Longe de ser apenas um conjunto de rituais, regras ou dogmas restritos a uma \u00fanica institui\u00e7\u00e3o, a espiritualidade \u00e9 a sua conex\u00e3o pessoal e intransfer\u00edvel com o significado, o prop\u00f3sito e o que \u00e9 sagrado em sua vida. \u00c9 o anseio profundo de saber que somos parte de algo maior \u2013 uma teia c\u00f3smica de amor e cria\u00e7\u00e3o.<\/p>\n<\/div><div class=\"mx-5 sm:mx-0 prose leading-relaxed text-lg mb-5 text-left wp-paragraph\">\n<p>Essa chama interna acende-se quando nos fazemos as grandes perguntas da exist\u00eancia: &#8220;Quem sou eu?&#8221;, &#8220;Qual \u00e9 o meu papel neste mundo?&#8221; e &#8220;Como posso viver uma vida que valha a pena?&#8221;. Seja qual for o seu caminho, reconhecer e nutrir essa dimens\u00e3o interior \u00e9 o primeiro passo para encontrar a verdadeira paz, a resili\u00eancia e a alegria duradoura diante dos desafios da vida moderna. A espiritualidade n\u00e3o \u00e9 o que voc\u00ea faz <em>uma vez por semana<\/em>, mas sim a lente com que voc\u00ea enxerga <em>todos os dias<\/em>.<\/p>\n<\/div><!--advertisement--><div class=\"mx-5 sm:mx-0 sm:text-3xl text-2xl font-medium title-font mb-4 text-gray-900 text-left\">\n<h3 class=\"wp-block-heading\" id=\"h-ii-os-pilares-comuns-o-que-une-as-grandes-tradicoes\">II. Os Pilares Comuns: O Que Une as Grandes Tradi\u00e7\u00f5es<\/h3>\n<\/div><div class=\"mx-5 sm:mx-0 prose leading-relaxed text-lg mb-5 text-left wp-paragraph\">\n<p>Um dos fatos mais reconfortantes da hist\u00f3ria humana \u00e9 que, ao olharmos para as maiores tradi\u00e7\u00f5es de f\u00e9 e sabedoria do planeta, percebemos que o n\u00facleo de suas mensagens \u00e9, incrivelmente, o mesmo. A ess\u00eancia de uma vida plena, \u00e9tica e significativa reside em valores universais que transcendem fronteiras culturais e credos espec\u00edficos.<\/p>\n<\/div><div class=\"mx-5 sm:mx-0 prose leading-relaxed text-lg mb-5 text-left wp-paragraph\">\n<p>O amor incondicional, a compaix\u00e3o ativa, a import\u00e2ncia do perd\u00e3o genu\u00edno e a for\u00e7a inabal\u00e1vel da esperan\u00e7a s\u00e3o os pilares que sustentam a arquitetura da alma humana em todo o mundo. Em quase todas as grandes narrativas espirituais, encontramos a famosa <strong>Regra de Ouro<\/strong>: &#8220;Trate os outros como voc\u00ea gostaria de ser tratado.&#8221;<\/p>\n<\/div><div class=\"mx-5 sm:mx-0 prose leading-relaxed text-lg mb-5 text-left wp-paragraph\">\n<p>Essa m\u00e1xima simples, mas profundamente transformadora, \u00e9 o mapa universal para a conviv\u00eancia harmoniosa e para o crescimento pessoal. Ao focarmos no que nos une \u2013 a nossa humanidade, a nossa vulnerabilidade e o desejo intr\u00ednseco de sermos melhores e de vivermos com prop\u00f3sito \u2013 fortalecemos nossa pr\u00f3pria jornada espiritual, independentemente do nome que damos \u00e0 For\u00e7a Criadora ou do local que escolhemos para buscar a conex\u00e3o. A espiritualidade, em seu sentido mais puro, \u00e9 a pr\u00e1tica do bem.<\/p>\n<\/div><!--advertisement--><div class=\"mx-5 sm:mx-0 sm:text-3xl text-2xl font-medium title-font mb-4 text-gray-900 text-left\">\n<h3 class=\"wp-block-heading\" id=\"h-iii-a-luz-da-fe-encontrando-a-esperanca-na-mensagem-crista\">III. A Luz da F\u00e9: Encontrando a Esperan\u00e7a na Mensagem Crist\u00e3<\/h3>\n<\/div><div class=\"mx-5 sm:mx-0 prose leading-relaxed text-lg mb-5 text-left wp-paragraph\">\n<p>Dentro desse vasto panorama da busca humana pelo sagrado, a mensagem de Jesus Cristo se destaca como uma fonte perene de inspira\u00e7\u00e3o e renova\u00e7\u00e3o para bilh\u00f5es de pessoas ao redor do globo. Sua prega\u00e7\u00e3o \u00e9 um convite radical \u00e0 transforma\u00e7\u00e3o interior e \u00e0 pr\u00e1tica de um amor que desafia a l\u00f3gica humana: o <strong>Amor Incondicional (\u00c1gape)<\/strong>.<\/p>\n<\/div><div class=\"mx-5 sm:mx-0 prose leading-relaxed text-lg mb-5 text-left wp-paragraph\">\n<p>Para o crist\u00e3o, e para muitos que buscam orienta\u00e7\u00e3o na sua sabedoria, a espiritualidade est\u00e1 ancorada na certeza de que h\u00e1 um Pai Celestial que cuida de cada detalhe da vida. A ess\u00eancia do cristianismo est\u00e1 centrada em tr\u00eas conceitos poderosos:<\/p>\n<\/div><div class=\"mx-5 sm:mx-0 prose text-left mb-5\">\n<ol start=\"1\"><div class=\"mx-5 sm:mx-0 prose text-left mb-5\">\n<li><strong>O Amor Incondicional e Ilimitado:<\/strong> Jesus ensinou que o maior mandamento \u00e9 amar a Deus sobre todas as coisas e, consequentemente, amar ao pr\u00f3ximo como a si mesmo. Este n\u00e3o \u00e9 um amor passivo, mas uma for\u00e7a ativa que impulsiona o servi\u00e7o, a generosidade e a justi\u00e7a. \u00c9 a fonte de energia que nos permite enxergar o sagrado em cada pessoa que encontramos.<\/li>\n<\/div>\n\n<div class=\"mx-5 sm:mx-0 prose text-left mb-5\">\n<li><strong>Perd\u00e3o e Reden\u00e7\u00e3o:<\/strong> A cruz e a ressurrei\u00e7\u00e3o s\u00e3o s\u00edmbolos universais de que o erro n\u00e3o \u00e9 o fim, mas sim um ponto de partida para a reconcilia\u00e7\u00e3o e o recome\u00e7o. A mensagem de perd\u00e3o oferece uma liberdade incompar\u00e1vel, que nos permite liberar o peso do passado \u2013 tanto o que nos fizeram quanto o que fizemos \u2013 para abra\u00e7ar um futuro de esperan\u00e7a e luz.<\/li>\n<\/div>\n\n<div class=\"mx-5 sm:mx-0 prose text-left mb-5\">\n<li><strong>A For\u00e7a da F\u00e9 e da Provid\u00eancia:<\/strong> Ter f\u00e9, segundo a tradi\u00e7\u00e3o crist\u00e3, \u00e9 ter a certeza daquilo que n\u00e3o se v\u00ea, mas se espera. \u00c9 a confian\u00e7a em um plano divino que est\u00e1 em opera\u00e7\u00e3o mesmo nos momentos de maior escurid\u00e3o. Essa f\u00e9 robusta fornece a coragem necess\u00e1ria para enfrentar o medo e a ansiedade, transformando a preocupa\u00e7\u00e3o em entrega e a incerteza em paz.<\/li>\n<\/div><\/ol>\n<\/div><div class=\"mx-5 sm:mx-0 prose leading-relaxed text-lg mb-5 text-left wp-paragraph\">\n<p>A mensagem crist\u00e3, portanto, \u00e9 um poderoso motor motivacional: ela nos lembra que, pela gra\u00e7a e pela f\u00e9, somos capazes de ir al\u00e9m de nossas limita\u00e7\u00f5es e que nunca estamos sozinhos em nossa jornada. \u00c9 um convite constante para aprimorar o car\u00e1ter e praticar o amor de forma concreta.<\/p>\n<\/div><!--advertisement--><div class=\"mx-5 sm:mx-0 sm:text-3xl text-2xl font-medium title-font mb-4 text-gray-900 text-left\">\n<h3 class=\"wp-block-heading\" id=\"h-iv-praticas-espirituais-para-a-vida-moderna\">IV. Pr\u00e1ticas Espirituais para a Vida Moderna<\/h3>\n<\/div><div class=\"mx-5 sm:mx-0 prose leading-relaxed text-lg mb-5 text-left wp-paragraph\">\n<p>A espiritualidade s\u00f3 se torna real quando se manifesta em a\u00e7\u00f5es di\u00e1rias. N\u00e3o \u00e9 um estado que se atinge; \u00e9 um m\u00fasculo que se exercita. Para nutrir sua conex\u00e3o interior em meio \u00e0 correria da vida moderna, incorpore estas pr\u00e1ticas simples, mas poderosas:<\/p>\n<\/div><div class=\"mx-5 sm:mx-0 prose text-left mb-5\">\n<ol start=\"1\"><div class=\"mx-5 sm:mx-0 prose text-left mb-5\">\n<li><strong>O Poder da Gratid\u00e3o:<\/strong> Reserve cinco minutos todas as manh\u00e3s ou noites para listar mentalmente ou por escrito tr\u00eas coisas pelas quais voc\u00ea \u00e9 genuinamente grato. A gratid\u00e3o eleva instantaneamente o seu estado de esp\u00edrito e muda o foco da escassez para a abund\u00e2ncia.<\/li>\n<\/div>\n\n<div class=\"mx-5 sm:mx-0 prose text-left mb-5\">\n<li><strong>O Sil\u00eancio e a Conex\u00e3o:<\/strong> Seja atrav\u00e9s da ora\u00e7\u00e3o contemplativa, da medita\u00e7\u00e3o ou de um momento de sil\u00eancio na natureza, reserve um tempo di\u00e1rio para &#8220;estar&#8221;. Desligue o barulho do mundo e ou\u00e7a a voz da sua intui\u00e7\u00e3o ou do seu Criador. Esse \u00e9 o momento de realinhamento e renova\u00e7\u00e3o de for\u00e7as.<\/li>\n<\/div>\n\n<div class=\"mx-5 sm:mx-0 prose text-left mb-5\">\n<li><strong>O Servi\u00e7o ao Pr\u00f3ximo (F\u00e9 em A\u00e7\u00e3o):<\/strong> Transforme sua cren\u00e7a e sua esperan\u00e7a em atitude. O servi\u00e7o desinteressado \u2013 seja um trabalho volunt\u00e1rio, ajudar um vizinho ou simplesmente oferecer uma palavra gentil \u2013 \u00e9 a manifesta\u00e7\u00e3o mais vis\u00edvel da espiritualidade. Ao dar, voc\u00ea recebe em troca uma sensa\u00e7\u00e3o de prop\u00f3sito profundo e inestim\u00e1vel.<\/li>\n<\/div>\n\n<div class=\"mx-5 sm:mx-0 prose text-left mb-5\">\n<li><strong>O Cultivo do Perd\u00e3o:<\/strong> O perd\u00e3o \u00e9 o presente que voc\u00ea d\u00e1 a si mesmo. N\u00e3o \u00e9 justificar o erro de algu\u00e9m, mas sim libertar-se da pris\u00e3o emocional da m\u00e1goa. Praticar o perd\u00e3o diariamente, come\u00e7ando por perdoar suas pr\u00f3prias falhas, \u00e9 crucial para a sa\u00fade da alma.<\/li>\n<\/div><\/ol>\n<\/div><!--advertisement--><div class=\"mx-5 sm:mx-0 sm:text-3xl text-2xl font-medium title-font mb-4 text-gray-900 text-left\">\n<h3 class=\"wp-block-heading\" id=\"h-v-o-legado-que-deixamos-a-transformacao-pessoal\">V. O Legado que Deixamos: A Transforma\u00e7\u00e3o Pessoal<\/h3>\n<\/div><div class=\"mx-5 sm:mx-0 prose leading-relaxed text-lg mb-5 text-left wp-paragraph\">\n<p>O objetivo de qualquer jornada espiritual \u00e9 a transforma\u00e7\u00e3o pessoal \u2013 tornar-se uma vers\u00e3o mais aut\u00eantica, amorosa e resiliente de si mesmo. Uma vida guiada pela espiritualidade n\u00e3o promete a aus\u00eancia de problemas, mas garante a presen\u00e7a de um prop\u00f3sito firme.<\/p>\n<\/div><div class=\"mx-5 sm:mx-0 prose leading-relaxed text-lg mb-5 text-left wp-paragraph\">\n<p>Quando voc\u00ea se conecta consistentemente com algo maior, voc\u00ea adquire a sabedoria para distinguir o que \u00e9 tempor\u00e1rio (o stress, as perdas materiais) do que \u00e9 eterno (o amor, o car\u00e1ter, o seu esp\u00edrito). Seu legado n\u00e3o ser\u00e1 medido pelo seu saldo banc\u00e1rio ou pelos t\u00edtulos que voc\u00ea conquistou, mas sim pela qualidade da sua alma e pelo impacto positivo que voc\u00ea deixou na vida daqueles que cruzaram o seu caminho. Viva com a inten\u00e7\u00e3o de ser uma luz.<\/p>\n<\/div><!--advertisement--><div class=\"mx-5 sm:mx-0 sm:text-3xl text-2xl font-medium title-font mb-4 text-gray-900 text-left\">\n<h3 class=\"wp-block-heading\" id=\"h-vi-uma-chamada-para-a-esperanca-e-a-acao\">VI. Uma Chamada para a Esperan\u00e7a e a A\u00e7\u00e3o<\/h3>\n<\/div><div class=\"mx-5 sm:mx-0 prose leading-relaxed text-lg mb-5 text-left wp-paragraph\">\n<p>A paz interior n\u00e3o \u00e9 um destino distante, mas uma escolha que voc\u00ea faz a cada novo amanhecer. Voc\u00ea tem todas as ferramentas necess\u00e1rias para iniciar ou aprofundar sua jornada de f\u00e9 e espiritualidade hoje mesmo.<\/p>\n<\/div><div class=\"mx-5 sm:mx-0 prose leading-relaxed text-lg mb-5 text-left wp-paragraph\">\n<p>N\u00e3o espere pelo momento perfeito. O momento \u00e9 agora. Escolha o amor em vez do medo, a compaix\u00e3o em vez do julgamento e a esperan\u00e7a inabal\u00e1vel em vez do desespero. <strong>Comece pequeno, mas comece.<\/strong><\/p>\n<\/div><div class=\"mx-5 sm:mx-0 prose leading-relaxed text-lg mb-5 text-left wp-paragraph\">\n<p>Se este texto inspirou voc\u00ea a dar um passo adiante na sua busca por significado e paz, ajude-nos a espalhar esta mensagem.<\/p>\n<\/div><div class=\"mx-5 sm:mx-0 prose leading-relaxed text-lg mb-5 text-left wp-paragraph\">\n<p><strong>Compartilhe este artigo com quem mais precisa de uma dose de esperan\u00e7a hoje e comece a escrever o seu novo cap\u00edtulo de transforma\u00e7\u00e3o.<\/strong><\/p>\n<\/div>","protected":false},"excerpt":{"rendered":"<p>\u00c0s vezes, uma palavra pode transformar nosso dia. Clique abaixo para descobrir a mensagem que vai trazer for\u00e7a e paz para voc\u00ea.<\/p>","protected":false},"author":17,"featured_media":0,"comment_status":"open","ping_status":"open","sticky":false,"template":"","format":"standard","meta":[],"categories":[2,3],"tags":[864,855],"yoast_head":"<!-- This site is optimized with the Yoast SEO Premium plugin v18.7 (Yoast SEO v19.1) - https:\/\/yoast.com\/wordpress\/plugins\/seo\/ -->\n<title>Receba Sua Palavra de F\u00e9 e Inspira\u00e7\u00e3o - Destinos e Viajes<\/title>\n<meta name=\"robots\" content=\"index, follow, max-snippet:-1, max-image-preview:large, max-video-preview:-1\" \/>\n<link rel=\"canonical\" href=\"https:\/\/destinoseviajes.com\/de\/iow-long-mensagem-do-dia\/\" \/>\n<meta property=\"og:locale\" content=\"de_DE\" \/>\n<meta property=\"og:type\" content=\"article\" \/>\n<meta property=\"og:title\" content=\"Receba Sua Palavra de F\u00e9 e Inspira\u00e7\u00e3o\" \/>\n<meta property=\"og:description\" content=\"\u00c0s vezes, uma palavra pode transformar nosso dia. Clique abaixo para descobrir a mensagem que vai trazer for\u00e7a e paz para voc\u00ea.\" \/>\n<meta property=\"og:url\" content=\"https:\/\/destinoseviajes.com\/de\/iow-long-mensagem-do-dia\/\" \/>\n<meta property=\"og:site_name\" content=\"Destinos e Viajes\" \/>\n<meta property=\"article:published_time\" content=\"2025-12-17T14:33:41+00:00\" \/>\n<meta property=\"article:modified_time\" content=\"2025-12-17T14:40:45+00:00\" \/>\n<meta name=\"twitter:card\" content=\"summary_large_image\" \/>\n<meta name=\"twitter:label1\" content=\"Written by\" \/>\n\t<meta name=\"twitter:data1\" content=\"Amanda Laet\" \/>\n\t<meta name=\"twitter:label2\" content=\"Est. reading time\" \/>\n\t<meta name=\"twitter:data2\" content=\"8 Minuten\" \/>\n<script type=\"application\/ld+json\" class=\"yoast-schema-graph\">{\"@context\":\"https:\/\/schema.org\",\"@graph\":[{\"@type\":\"WebSite\",\"@id\":\"https:\/\/destinoseviajes.com\/#website\",\"url\":\"https:\/\/destinoseviajes.com\/\",\"name\":\"Destinos e Viajes\",\"description\":\"\",\"potentialAction\":[{\"@type\":\"SearchAction\",\"target\":{\"@type\":\"EntryPoint\",\"urlTemplate\":\"https:\/\/destinoseviajes.com\/?s={search_term_string}\"},\"query-input\":\"required name=search_term_string\"}],\"inLanguage\":\"de-DE\"},{\"@type\":\"WebPage\",\"@id\":\"https:\/\/destinoseviajes.com\/iow-long-mensagem-do-dia\/#webpage\",\"url\":\"https:\/\/destinoseviajes.com\/iow-long-mensagem-do-dia\/\",\"name\":\"Receba Sua Palavra de F\u00e9 e Inspira\u00e7\u00e3o - Destinos e Viajes\",\"isPartOf\":{\"@id\":\"https:\/\/destinoseviajes.com\/#website\"},\"datePublished\":\"2025-12-17T14:33:41+00:00\",\"dateModified\":\"2025-12-17T14:40:45+00:00\",\"author\":{\"@id\":\"https:\/\/destinoseviajes.com\/#\/schema\/person\/bd6ea318acc5db89e93b556e7c91c81c\"},\"breadcrumb\":{\"@id\":\"https:\/\/destinoseviajes.com\/iow-long-mensagem-do-dia\/#breadcrumb\"},\"inLanguage\":\"de-DE\",\"potentialAction\":[{\"@type\":\"ReadAction\",\"target\":[\"https:\/\/destinoseviajes.com\/iow-long-mensagem-do-dia\/\"]}]},{\"@type\":\"BreadcrumbList\",\"@id\":\"https:\/\/destinoseviajes.com\/iow-long-mensagem-do-dia\/#breadcrumb\",\"itemListElement\":[{\"@type\":\"ListItem\",\"position\":1,\"name\":\"Home\",\"item\":\"https:\/\/destinoseviajes.com\/\"},{\"@type\":\"ListItem\",\"position\":2,\"name\":\"Receba Sua Palavra de F\u00e9 e Inspira\u00e7\u00e3o\"}]},{\"@type\":\"Person\",\"@id\":\"https:\/\/destinoseviajes.com\/#\/schema\/person\/bd6ea318acc5db89e93b556e7c91c81c\",\"name\":\"Amanda Laet\",\"image\":{\"@type\":\"ImageObject\",\"inLanguage\":\"de-DE\",\"@id\":\"https:\/\/destinoseviajes.com\/#\/schema\/person\/image\/\",\"url\":\"https:\/\/secure.gravatar.com\/avatar\/9b309751207ecb9bf4933d961aebd09d?s=96&d=mm&r=g\",\"contentUrl\":\"https:\/\/secure.gravatar.com\/avatar\/9b309751207ecb9bf4933d961aebd09d?s=96&d=mm&r=g\",\"caption\":\"Amanda Laet\"},\"url\":\"https:\/\/destinoseviajes.com\/de\/author\/amandalaetgmail-com\/\"}]}<\/script>\n<!-- \/ Yoast SEO Premium plugin. -->","yoast_head_json":{"title":"Receba Sua Palavra de F\u00e9 e Inspira\u00e7\u00e3o - Destinos e Viajes","robots":{"index":"index","follow":"follow","max-snippet":"max-snippet:-1","max-image-preview":"max-image-preview:large","max-video-preview":"max-video-preview:-1"},"canonical":"https:\/\/destinoseviajes.com\/de\/iow-long-mensagem-do-dia\/","og_locale":"de_DE","og_type":"article","og_title":"Receba Sua Palavra de F\u00e9 e Inspira\u00e7\u00e3o","og_description":"\u00c0s vezes, uma palavra pode transformar nosso dia. Clique abaixo para descobrir a mensagem que vai trazer for\u00e7a e paz para voc\u00ea.","og_url":"https:\/\/destinoseviajes.com\/de\/iow-long-mensagem-do-dia\/","og_site_name":"Destinos e Viajes","article_published_time":"2025-12-17T14:33:41+00:00","article_modified_time":"2025-12-17T14:40:45+00:00","twitter_card":"summary_large_image","twitter_misc":{"Written by":"Amanda Laet","Est. reading time":"8 Minuten"},"schema":{"@context":"https:\/\/schema.org","@graph":[{"@type":"WebSite","@id":"https:\/\/destinoseviajes.com\/#website","url":"https:\/\/destinoseviajes.com\/","name":"Destinos e Viajes","description":"","potentialAction":[{"@type":"SearchAction","target":{"@type":"EntryPoint","urlTemplate":"https:\/\/destinoseviajes.com\/?s={search_term_string}"},"query-input":"required name=search_term_string"}],"inLanguage":"de-DE"},{"@type":"WebPage","@id":"https:\/\/destinoseviajes.com\/iow-long-mensagem-do-dia\/#webpage","url":"https:\/\/destinoseviajes.com\/iow-long-mensagem-do-dia\/","name":"Receba Sua Palavra de F\u00e9 e Inspira\u00e7\u00e3o - Destinos e Viajes","isPartOf":{"@id":"https:\/\/destinoseviajes.com\/#website"},"datePublished":"2025-12-17T14:33:41+00:00","dateModified":"2025-12-17T14:40:45+00:00","author":{"@id":"https:\/\/destinoseviajes.com\/#\/schema\/person\/bd6ea318acc5db89e93b556e7c91c81c"},"breadcrumb":{"@id":"https:\/\/destinoseviajes.com\/iow-long-mensagem-do-dia\/#breadcrumb"},"inLanguage":"de-DE","potentialAction":[{"@type":"ReadAction","target":["https:\/\/destinoseviajes.com\/iow-long-mensagem-do-dia\/"]}]},{"@type":"BreadcrumbList","@id":"https:\/\/destinoseviajes.com\/iow-long-mensagem-do-dia\/#breadcrumb","itemListElement":[{"@type":"ListItem","position":1,"name":"Home","item":"https:\/\/destinoseviajes.com\/"},{"@type":"ListItem","position":2,"name":"Receba Sua Palavra de F\u00e9 e Inspira\u00e7\u00e3o"}]},{"@type":"Person","@id":"https:\/\/destinoseviajes.com\/#\/schema\/person\/bd6ea318acc5db89e93b556e7c91c81c","name":"Amanda Laet","image":{"@type":"ImageObject","inLanguage":"de-DE","@id":"https:\/\/destinoseviajes.com\/#\/schema\/person\/image\/","url":"https:\/\/secure.gravatar.com\/avatar\/9b309751207ecb9bf4933d961aebd09d?s=96&d=mm&r=g","contentUrl":"https:\/\/secure.gravatar.com\/avatar\/9b309751207ecb9bf4933d961aebd09d?s=96&d=mm&r=g","caption":"Amanda Laet"},"url":"https:\/\/destinoseviajes.com\/de\/author\/amandalaetgmail-com\/"}]}},"_links":{"self":[{"href":"https:\/\/destinoseviajes.com\/de\/wp-json\/wp\/v2\/posts\/35838"}],"collection":[{"href":"https:\/\/destinoseviajes.com\/de\/wp-json\/wp\/v2\/posts"}],"about":[{"href":"https:\/\/destinoseviajes.com\/de\/wp-json\/wp\/v2\/types\/post"}],"author":[{"embeddable":true,"href":"https:\/\/destinoseviajes.com\/de\/wp-json\/wp\/v2\/users\/17"}],"replies":[{"embeddable":true,"href":"https:\/\/destinoseviajes.com\/de\/wp-json\/wp\/v2\/comments?post=35838"}],"version-history":[{"count":0,"href":"https:\/\/destinoseviajes.com\/de\/wp-json\/wp\/v2\/posts\/35838\/revisions"}],"wp:attachment":[{"href":"https:\/\/destinoseviajes.com\/de\/wp-json\/wp\/v2\/media?parent=35838"}],"wp:term":[{"taxonomy":"category","embeddable":true,"href":"https:\/\/destinoseviajes.com\/de\/wp-json\/wp\/v2\/categories?post=35838"},{"taxonomy":"post_tag","embeddable":true,"href":"https:\/\/destinoseviajes.com\/de\/wp-json\/wp\/v2\/tags?post=35838"}],"curies":[{"name":"wp","href":"https:\/\/api.w.org\/{rel}","templated":true}]}}