{"id":33948,"date":"2024-02-21T23:07:13","date_gmt":"2024-02-21T23:07:13","guid":{"rendered":"https:\/\/destinoseviajes.com\/?p=33948"},"modified":"2025-09-18T12:18:52","modified_gmt":"2025-09-18T12:18:52","slug":"explorando-suiza-en-tren-30-itinerarios-completos-de-2-a-8-dias","status":"publish","type":"post","link":"https:\/\/destinoseviajes.com\/de\/explorando-suiza-en-tren-30-itinerarios-completos-de-2-a-8-dias\/","title":{"rendered":"Die Schweiz mit dem Zug erkunden: 30 vollst\u00e4ndige Reiserouten von 2 bis 8 Tagen"},"content":{"rendered":"<!--advertisement--><div class=\"mx-5 sm:mx-0 sm:text-3xl text-2xl font-medium title-font mb-4 text-gray-900 text-left\">\n<h2>30 vollst\u00e4ndige Reiserouten von 2 bis 8 Tagen f\u00fcr Ihre Reise<\/h2>\n<\/div><!--image--><div class=\"px-5 sm:px-0 sm:w-[800px] sm:ml-[50%] sm:-translate-x-2\/4 rounded-lg overflow-hidden mb-5 text-center\">\n<figure class=\"wp-block-image aligncenter size-full\"><img decoding=\"async\" width=\"996\" height=\"661\" loading=\"lazy\" src=\"https:\/\/destinoseviajes.com\/wp-content\/uploads\/2024\/02\/image-19.png\" alt=\"\" class=\"w-full object-cover object-center border mx-auto wp-image-34016\" srcset=\"https:\/\/destinoseviajes.com\/wp-content\/uploads\/2024\/02\/image-19.png 996w, https:\/\/destinoseviajes.com\/wp-content\/uploads\/2024\/02\/image-19-300x199.png 300w, https:\/\/destinoseviajes.com\/wp-content\/uploads\/2024\/02\/image-19-768x510.png 768w\" sizes=\"(max-width: 996px) 100vw, 996px\" \/><figcaption class=\"mt-5 text-xs text-center border-b pb-4\">Mit der Bahn die Schweiz erkunden \u2013 Quelle: Freepik.<\/figcaption><\/figure>\n<\/div><!--image--><div class=\"mx-5 sm:mx-0 prose leading-relaxed text-lg mb-5 text-left wp-paragraph\">\n<p>Europa ist zweifellos eines der besten Reiseziele. Nicht weil die L\u00e4nder besser oder schlechter sind, sondern weil alles so nah und zug\u00e4nglich beieinander liegt, dass man einfach ein Ticket nach Europa kaufen und Dutzende L\u00e4nder mit dem Bus, dem Auto oder, wie hier erw\u00e4hnt, mit der Bahn besuchen kann. <\/p>\n<\/div><div class=\"wp-block-lazyblock-cta lazyblock-cta-Z1N5Df\">\n  <section class=\"cta mx-5 sm:mx-0 text-gray-600 body-font my-10 border-gray-200 border-b border-l border-r sm:border-0\">\n    <div class=\"h-1 bg-gray-200 rounded overflow-hidden\">\n      <div class=\"w-24 h-full\"><\/div>\n    <\/div>\n    <div class=\"container px-5 pt-6 pb-6 mx-auto flex flex-wrap\" data-anchor-target=\"lazyBlock\">    \n    \n              <a class=\"flex flex-wrap content-center w-full mb-4 md:hidden\" href=\"https:\/\/destinoseviajes.com\/de\/viaje-entre-holanda-y-belgica-en-tren-guia-completa-para-un-viaje-tranquilo\/\"  data-analytics-label=\"ctaImage\" data-action=\"analytics#trackCTA\" aria-label=\"Niederlande und Belgien\">\n          <div class=\"m-auto float-none\">\n            <img decoding=\"async\" loading=\"lazy\" src=\"https:\/\/destinoseviajes.com\/wp-content\/uploads\/2024\/02\/image-1.png\" alt=\"\">\n          <\/div>\n        <\/a>\n            <h2 class=\"w-full sm:text-3xl text-2xl text-gray-900 font-medium title-font mb-2 text-center md:text-left md:w-2\/5\">\n        <a href=\"https:\/\/destinoseviajes.com\/de\/viaje-entre-holanda-y-belgica-en-tren-guia-completa-para-un-viaje-tranquilo\/\" data-analytics-label=\"ctaTitle\" data-action=\"analytics#trackCTA\" aria-label=\"Niederlande und Belgien\">\n            Niederlande und Belgien        <\/a>\n      <\/h2>\n      <div class=\"w-full md:w-3\/5 md:pl-6\">\n        <p class=\"text-center md:text-left leading-relaxed text-base\">\n            Mit dem Zug zwischen den Niederlanden und Belgien reisen: Kompletter Reisef\u00fchrer f\u00fcr eine stressfreie Reise. Entdecken Sie, wie Sie die beste Reise erleben.        <\/p>\n        <div class=\"flex mt-6 w-full flex-1 justify-center ml-auto md:mt-4 md:justify-start\" style=\"font-weight: bold;\">\n          <a class=\"inline-flex items-center\" href=\"https:\/\/destinoseviajes.com\/de\/viaje-entre-holanda-y-belgica-en-tren-guia-completa-para-un-viaje-tranquilo\/\"  data-analytics-label=\"ctaButton\" data-action=\"analytics#trackCTA\" >\n            Weiterlesen            <svg fill=\"none\" stroke=\"currentColor\" stroke-linecap=\"round\" stroke-linejoin=\"round\" stroke-width=\"2\" class=\"w-4 h-4 ml-2\" viewbox=\"0 0 24 24\">\n              <path d=\"M5 12h14M12 5l7 7-7 7\"><\/path>\n            <\/svg>\n          <\/a>\n        <\/div>\n      <\/div>  \n          \n    <\/div>\n      <script type=\"module\"> function waitFor(conditionFunction) { const poll = resolve => { if(conditionFunction()) resolve(); else setTimeout(_ => poll(resolve), 400); }; return new Promise(poll); } import { Application, Controller } from \"\/wp-content\/themes\/twentytwentyone\/assets\/js\/stimulus.min.js\"; let Stimulus = Application.start(); Stimulus.register(\"anchor\", class extends Controller { static get targets() { return [ \"lazyBlock\", \"lazyBlockAnchor\" ]; } initialize() { this.active = false; this.passed = false; this.closed = false; this.anchorViews = 0; this.boundOnShowAnchor = this.onShowAnchor.bind(this); window.anchorReady = window.anchorReady || false; waitFor(_ => (window.scrollY > this.getHeightBlock() && !this.active)) .then(_ => { !window.anchorReady? this.visible() : ''; window.anchorReady = true; }); if (document.getElementById('landing')) { setTimeout(() => { !window.anchorReady ? this.visible() : ''; window.anchorReady = true; }, 1 * 30000); }; } connect() { this.onShowAnchor(); document.addEventListener(\"scroll\", this.boundOnShowAnchor); } disconnect() { document.removeEventListener(\"scroll\", this.boundOnShowAnchor); } visible() { if (document.getElementById('av-offerwall__wrapper')) { setTimeout(() => this.visible(), 20000); return; } if (document.getElementById('av-fixed__bottomWrapper') && document.getElementById('av-fixed__bottomWrapper').style.display !== 'none' && document.getElementById('av-fixed__bottomWrapper').getBoundingClientRect().height > 100) { setTimeout(() => this.visible(), 1000); return; } if (document.getElementById('av-fixed__bottomWrapper') && document.getElementById('av-fixed__bottomWrapper').style.display !== 'none' && document.getElementById('av-fixed__bottomWrapper').getBoundingClientRect().height > 10) { this.getAnchorElement().style.marginBottom = '60px'; } if (document.querySelector('[data-anchor-shown=\"true\"]') && document.querySelector('[data-anchor-shown=\"true\"]').style.bottom === '0px') { setTimeout(() => this.visible(), 1000); return; } if (!window.km2AnchorReady) { this.active = true; \/*this.getAnchorElement().style.animation = \"none\"; this.getAnchorElement().classList.remove('animate-show-down');*\/ \/*this.getAnchorElement().classList.add('animate-show-up');*\/ \/*setTimeout(() => {*\/ \/*this.getAnchorElement().style.animation = \"\";*\/ this.getAnchorElement().classList.add('animate-show-up'); this.getAnchorElement().classList.remove('hidden'); this.setAnchorViews(this.anchorViews+1); setTimeout(() => this.closeAnchor(), 20000); waitFor(_ => (document.getElementById('av-fixed__bottomWrapper') && document.getElementById('av-fixed__bottomWrapper').style.display !== 'none' && document.getElementById('av-fixed__bottomWrapper').getBoundingClientRect().height > 10 && this.getAnchorElement().style.marginBottom !== '60px')) .then(_ => { this.closeAnchor(); }); this.active = false; \/*}, 10);*\/ } } invisible() { this.active = true; this.getAnchorElement().style.animation = \"none\"; this.getAnchorElement().classList.remove('animate-show-up'); this.getAnchorElement().classList.add('animate-show-down'); setTimeout(() => { this.getAnchorElement().style.animation = \"\"; setTimeout(() => { this.getAnchorElement().classList.add('hidden'); this.active = false; }, 800); }, 10); } onShowAnchor() { let anchorReady = false;  \/*if (!this.active && !anchorReady) { if (this.getAnchorViews() <= 3) { if (window.scrollY > this.getHeightBlock()) { if (!this.passed && !this.closed) { this.visible(); this.passed = true; } } else { if (this.passed) { this.invisible(); this.passed = false; } } } else { if (!this.getAnchorElement().classList.contains('close')) { this.getAnchorElement().classList.add('close'); if (window.scrollY < this.getHeightBlock()) { this.invisible(); } } } }*\/ } closeAnchor() { if (this.closed) return; this.invisible(); this.getAnchorElement().classList.add('close'); this.closed = true; } getAnchorElement() { return this.lazyBlockAnchorTargets[0]; } getAnchorViews() { this.anchorViews = parseInt(sessionStorage.getItem(\"anchorViews\")) >= 1 ? parseInt(sessionStorage.getItem(\"anchorViews\")) : 0; return this.anchorViews; } setAnchorViews(views) { sessionStorage.setItem(\"anchorViews\", views); } getHeightBlock() { return this.lazyBlockTarget.offsetTop + this.lazyBlockTarget.offsetHeight - 110; } }) <\/script>  <div data-anchor-target=\"lazyBlockAnchor\" class=\"fixed w-full sm:w-96 px-3 py-2 bottom-0 left-0 hidden\" style=\"z-index: 999999;\" name=\"lazyBlockAnchor\">\n    <div class=\"grid justify-items-stretch\">        \n              <div class=\"relative justify-self-end top-4 -right-2\">\n          <button data-no-translation class=\"bg-white text-md font-medium text-center rounded-full h-7 w-7 border-2\" data-analytics-label=\"anchorCloseAnchor\" data-action=\"anchor#closeAnchor\" style=\"z-index: 999999;\">\n            X\n          <\/button>\n        <\/div>\n        <div class=\"justify-self-auto flex flex-col h-32 bg-white border-solid border-2 shadow-md rounded-md\">\n          <div class=\"flex my-0 h-full\">\n            <div class=\"w-2\/5 p-1 ml-2 mt-2 w-full\">\n              <a href=\"https:\/\/destinoseviajes.com\/de\/viaje-entre-holanda-y-belgica-en-tren-guia-completa-para-un-viaje-tranquilo\/\"  data-analytics-label=\"anchorImage\" data-action=\"analytics#trackCTA\">          \n                <img decoding=\"async\" loading=\"lazy\" alt=\"card\" class=\"w-full object-cover h-24 object-center rounded justify-self-auto border-2 border-gray-100\" src=\"https:\/\/destinoseviajes.com\/wp-content\/uploads\/2024\/02\/image-1.png\">          \n              <\/a>\n            <\/div>\n            <div class=\"w-3\/5 my-2\">\n              <p class=\"px-4 text-center text-xs h-1\/2\">\n                Niederlande und Belgien              <\/p>\n              <a href=\"https:\/\/destinoseviajes.com\/de\/viaje-entre-holanda-y-belgica-en-tren-guia-completa-para-un-viaje-tranquilo\/\"  data-analytics-label=\"anchorButton\" data-action=\"analytics#trackCTA\" >\n                <button class=\"flex w-5\/6 m-auto mt-2 border-0 py-1 px-3 focus:outline-none rounded\">                \n                  <p class=\"text-center w-full\" style=\"font-size: 0.67rem;\">\n                    Weiterlesen                  <\/p>\n                <\/button>\n              <\/a>\n              <p class=\"text-gray-500 text-center mt-1\" style=\"font-size: 0.50rem;\">\n                Sie bleiben auf derselben Website              <\/p>\n            <\/div>\n          <\/div>\n        <\/div>\n          <\/div>\n  <\/div>\n  <\/section>\n\n<\/div><div class=\"mx-5 sm:mx-0 prose leading-relaxed text-lg mb-5 text-left wp-paragraph\">\n<p>Das Beste ist, dass es in Europa viele Z\u00fcge gibt, da sie eines der am weitesten verbreiteten Transportmittel sind.<\/p>\n<\/div><!--advertisement--><div class=\"mx-5 sm:mx-0 sm:text-3xl text-2xl font-medium title-font mb-4 text-gray-900 text-left\">\n<h2 id=\"h-explorando-suiza-en-tren-30-itinerarios-completos-de-2-a-8-dias\">Die Schweiz mit dem Zug erkunden: 30 komplette Reiserouten von 2 bis 8 Tagen<\/h2>\n<\/div><div class=\"mx-5 sm:mx-0 prose leading-relaxed text-lg mb-5 text-left wp-paragraph\">\n<p>Die Zeiteinteilung hilft sehr und es gibt einige Arten von Reiserouten. Zum Beispiel die Hin- und R\u00fcckfahrt. In diesem Fall verlassen Sie die Stadt, besuchen am selben Tag eine andere Stadt und kehren am selben Tag zur\u00fcck.<\/p>\n<\/div><div class=\"mx-5 sm:mx-0 prose leading-relaxed text-lg mb-5 text-left wp-paragraph\">\n<p>Auf diese Weise m\u00fcssen Sie kein Geld f\u00fcr Hotels ausgeben. Eine andere M\u00f6glichkeit ist der Boxenstopp, der auf Reisen \u00fcblich ist. Sie m\u00f6chten die Stadt oder das Land, in dem Sie sich befinden, verlassen, aber der Zug h\u00e4lt auf halber Strecke an Ihrem Aufenthaltsort f\u00fcr ein paar Stunden und f\u00e4hrt dann weiter zu Ihrem Ziel.<\/p>\n<\/div><!--advertisement--><div class=\"mx-5 sm:mx-0 sm:text-3xl text-2xl font-medium title-font mb-4 text-gray-900 text-left\">\n<h2 id=\"h-base-lucerna\">Basis: Luzern<\/h2>\n<\/div><div class=\"mx-5 sm:mx-0 prose leading-relaxed text-lg mb-5 text-left wp-paragraph\">\n<p>Die Basisstadt Ihrer Reise ist Luzern, daher stehen Ihnen m\u00f6glicherweise einige gute Reiserouten zur Verf\u00fcgung. Wenn Sie zwei Reisetage frei haben, unternehmen Sie einen Ausflug von Luzern nach Bern.<\/p>\n<\/div><!--advertisement--><div class=\"mx-5 sm:mx-0 sm:text-3xl text-2xl font-medium title-font mb-4 text-gray-900 text-left\">\n<h3 id=\"h-3-dias\">3 Tage<\/h3>\n<\/div><div class=\"mx-5 sm:mx-0 prose leading-relaxed text-lg mb-5 text-left wp-paragraph\">\n<p>Sie k\u00f6nnen eine kompliziertere Route nehmen, die von Luzern, Bern, Interlaken, Jungfraujoch\/Top of Europe ausgeht.<\/p>\n<\/div><div class=\"mx-5 sm:mx-0 prose leading-relaxed text-lg mb-5 text-left wp-paragraph\">\n<p>Basis: Montreux oder Lausanne<\/p>\n<\/div><!--advertisement--><div class=\"mx-5 sm:mx-0 sm:text-3xl text-2xl font-medium title-font mb-4 text-gray-900 text-left\">\n<h3 id=\"h-2-dias\">2 Tage<\/h3>\n<\/div><div class=\"mx-5 sm:mx-0 prose leading-relaxed text-lg mb-5 text-left wp-paragraph\">\n<p>Sie k\u00f6nnen von Montreux nach Lausanne fahren und dann den Schokoladenzug nehmen. Auf diese Weise k\u00f6nnen Sie die St\u00e4dte erkunden und trotzdem eine Tour unternehmen (dieser Zug verkehrt von November bis April nicht).<\/p>\n<\/div><!--advertisement--><div class=\"mx-5 sm:mx-0 sm:text-3xl text-2xl font-medium title-font mb-4 text-gray-900 text-left\">\n<h3 id=\"h-3-dias-1\">3 Tage<\/h3>\n<\/div><div class=\"mx-5 sm:mx-0 prose leading-relaxed text-lg mb-5 text-left wp-paragraph\">\n<p>Jetzt haben Sie 3 Tage Zeit. Nehmen Sie die gleiche Route wie zuvor, f\u00fcgen Sie jedoch am Ende Bern hinzu.<\/p>\n<\/div><!--advertisement--><div class=\"mx-5 sm:mx-0 sm:text-3xl text-2xl font-medium title-font mb-4 text-gray-900 text-left\">\n<h2 id=\"h-base-entrelagos\">Basis: Interlaken<\/h2>\n<\/div><!--advertisement--><div class=\"mx-5 sm:mx-0 sm:text-3xl text-2xl font-medium title-font mb-4 text-gray-900 text-left\">\n<h3 id=\"h-2-dias-1\">2 Tage<\/h3>\n<\/div><div class=\"mx-5 sm:mx-0 prose leading-relaxed text-lg mb-5 text-left wp-paragraph\">\n<p>Sie k\u00f6nnen von Interlaken zum Jungfraujoch fahren. In Interlaken liegt die alpine Landschaft, und Sie k\u00f6nnen es leicht erreichen. Die Fahrt zum Jungfraujoch dauert einen ganzen Tag, man kann aber auch mit dem Boot fahren.<\/p>\n<\/div><!--advertisement--><div class=\"mx-5 sm:mx-0 sm:text-3xl text-2xl font-medium title-font mb-4 text-gray-900 text-left\">\n<h3 id=\"h-3-dias-2\">3 Tage<\/h3>\n<\/div><div class=\"mx-5 sm:mx-0 prose leading-relaxed text-lg mb-5 text-left wp-paragraph\">\n<p>Verbringe den 3. in Interlaken. Dann nehmen Sie sich einen Tag Zeit, um zum Jungfraujoch zu fahren und eine Bootsfahrt zu unternehmen. Anschlie\u00dfend R\u00fcckfahrt nach Bern.<\/p>\n<\/div><!--advertisement--><div class=\"mx-5 sm:mx-0 sm:text-3xl text-2xl font-medium title-font mb-4 text-gray-900 text-left\">\n<h2 id=\"h-base-zermatt\">Basis: Zermatt<\/h2>\n<\/div><!--advertisement--><div class=\"mx-5 sm:mx-0 sm:text-3xl text-2xl font-medium title-font mb-4 text-gray-900 text-left\">\n<h3 id=\"h-3-dias-3\">3 Tage<\/h3>\n<\/div><div class=\"mx-5 sm:mx-0 prose leading-relaxed text-lg mb-5 text-left wp-paragraph\">\n<p>Sie k\u00f6nnen der Erste sein, der Zermatt verl\u00e4sst. Dann geht es zum Gornergrat und weiter zum Glacier Paradise.<\/p>\n<\/div><!--advertisement--><div class=\"mx-5 sm:mx-0 sm:text-3xl text-2xl font-medium title-font mb-4 text-gray-900 text-left\">\n<h2 id=\"h-italia-suiza-o-suiza-italia\">Italien-Schweiz oder Schweiz-Italien<\/h2>\n<\/div><!--advertisement--><div class=\"mx-5 sm:mx-0 sm:text-3xl text-2xl font-medium title-font mb-4 text-gray-900 text-left\">\n<h3 id=\"h-2-dias-2\">2 Tage<\/h3>\n<\/div><div class=\"mx-5 sm:mx-0 prose leading-relaxed text-lg mb-5 text-left wp-paragraph\">\n<p>Wenn Sie die Bernina-Express-Strecke in Italien verlassen und nach Luzern fahren. Fahren Sie nach Tirano und nehmen Sie um 11:00 Uhr oder 11:40 Uhr einen Zug, nehmen Sie den Zug und fahren Sie zu Ihrem Ziel. Nachts ankommen, ausruhen und am n\u00e4chsten Tag die klassische Rigi-Runde absolvieren.<\/p>\n<\/div><!--advertisement--><div class=\"mx-5 sm:mx-0 sm:text-3xl text-2xl font-medium title-font mb-4 text-gray-900 text-left\">\n<h3 id=\"h-3-dias-4\">3 Tage<\/h3>\n<\/div><div class=\"mx-5 sm:mx-0 prose leading-relaxed text-lg mb-5 text-left wp-paragraph\">\n<p>Sie k\u00f6nnen in Tirano in Italien starten und den 11-Uhr-Zug nehmen. Folgen Sie wie zuvor der gleichen Route, w\u00e4hlen Sie dieses Mal jedoch Z\u00fcrich oder Luzern. Am letzten Tag fahren Sie zur\u00fcck nach Bern und weiter nach Deutschland oder Frankreich.<\/p>\n<\/div><!--advertisement--><div class=\"mx-5 sm:mx-0 sm:text-3xl text-2xl font-medium title-font mb-4 text-gray-900 text-left\">\n<h3 id=\"h-4-dias\">4 Tage<\/h3>\n<\/div><div class=\"mx-5 sm:mx-0 prose leading-relaxed text-lg mb-5 text-left wp-paragraph\">\n<p>Von Lugano aus k\u00f6nnen Sie mit dem Gotthard Panorama Express Richtung Luzern fahren. Von Luzern geht es nach Bern, dann nach Interlaken und schlie\u00dflich zum Top of Europe.<\/p>\n<\/div><!--advertisement--><div class=\"mx-5 sm:mx-0 sm:text-3xl text-2xl font-medium title-font mb-4 text-gray-900 text-left\">\n<h3 id=\"h-4-dias-1\">4 Tage<\/h3>\n<\/div><div class=\"mx-5 sm:mx-0 prose leading-relaxed text-lg mb-5 text-left wp-paragraph\">\n<p>H\u00f6ren Sie mit der Berina-Expressroute auf, ein Tyrann zu sein. Auf diese Weise fahren Sie nach St. Moriz. \u00dcbernachten Sie und fahren Sie nach Z\u00fcrich. Verbringen Sie die restlichen Tage und unternehmen Sie abschlie\u00dfend einen Tagesausflug nach Bern. Dann kehrt er als klassischer Rigi nach Luzern zur\u00fcck.<\/p>\n<\/div><!--advertisement--><div class=\"mx-5 sm:mx-0 sm:text-3xl text-2xl font-medium title-font mb-4 text-gray-900 text-left\">\n<h3 id=\"h-5-dias\">5 Tage<\/h3>\n<\/div><div class=\"mx-5 sm:mx-0 prose leading-relaxed text-lg mb-5 text-left wp-paragraph\">\n<p>Mit dem Bernina Express verlassen Sie Tirano und fahren nach St. Moriz. Schlafen Sie die Nacht und fahren Sie am n\u00e4chsten Tag nach Z\u00fcrich und verbringen Sie 4 Tage. Anschliessend nutzen Sie den Shuttle nach Bern und schliesslich zur\u00fcck nach Luzern. Der letzte Tag kann in Z\u00fcrich verbracht werden.<\/p>\n<\/div><!--advertisement--><div class=\"mx-5 sm:mx-0 sm:text-3xl text-2xl font-medium title-font mb-4 text-gray-900 text-left\">\n<h3 id=\"h-5-dias-1\">5 Tage<\/h3>\n<\/div><div class=\"mx-5 sm:mx-0 prose leading-relaxed text-lg mb-5 text-left wp-paragraph\">\n<p>Verlassen Sie Italien, schlafen Sie in Lugano, fahren Sie dann am zweiten Tag nach Bellinzona und nehmen Sie den Gotthard Panorama Express nach Luzern. Nach zwei N\u00e4chten machen Sie Halt in Bern und \u00fcbernachten dann zwei N\u00e4chte in Interlaken. Gehen Sie schlie\u00dflich zu Top of Europe.<\/p>\n<\/div><!--advertisement--><div class=\"mx-5 sm:mx-0 sm:text-3xl text-2xl font-medium title-font mb-4 text-gray-900 text-left\">\n<h2 id=\"h-italia-suiza-italia\">Italien-Schweiz-Italien<\/h2>\n<\/div><!--advertisement--><div class=\"mx-5 sm:mx-0 sm:text-3xl text-2xl font-medium title-font mb-4 text-gray-900 text-left\">\n<h3 id=\"h-2-dias-3\">2 Tage<\/h3>\n<\/div><div class=\"mx-5 sm:mx-0 prose leading-relaxed text-lg mb-5 text-left wp-paragraph\">\n<p>Fahren Sie von Mailand nach Bellinzona, fahren Sie mit dem Zug mit der Gotthard-Panorama-Express-Linie nach Fl\u00fcelen und mit dem Schiff nach Luzern. Nach zwei N\u00e4chten fahren Sie nach Chur und nehmen einen Zug mit dem Bernina Express nach Tirano und kehren dann nach Mailand zur\u00fcck.<\/p>\n<\/div><!--advertisement--><div class=\"mx-5 sm:mx-0 sm:text-3xl text-2xl font-medium title-font mb-4 text-gray-900 text-left\">\n<h3 id=\"h-3-dias-5\">3 Tage<\/h3>\n<\/div><div class=\"mx-5 sm:mx-0 prose leading-relaxed text-lg mb-5 text-left wp-paragraph\">\n<p>Nehmen Sie den Gotthard Panorama Express nach Luzern. Anschlie\u00dfend fahren Sie mit dem Schiff nach Luzern und kehren nach 2 N\u00e4chten nach Bern zur\u00fcck. Am dritten Tag fahren Sie nach Chur und weiter nach Mailand.<\/p>\n<\/div><!--advertisement--><div class=\"mx-5 sm:mx-0 sm:text-3xl text-2xl font-medium title-font mb-4 text-gray-900 text-left\">\n<h3 id=\"h-4-dias-2\">4 Tage<\/h3>\n<\/div><div class=\"mx-5 sm:mx-0 prose leading-relaxed text-lg mb-5 text-left wp-paragraph\">\n<p>Verlassen Sie Mailand mit dem Gotthard Panorama Express und nehmen Sie ein Schiff nach Luzern. Nach zwei N\u00e4chten reisen Sie zur\u00fcck nach Bern, am n\u00e4chsten Tag weiter nach St. Moriz und schlie\u00dflich mit dem Zug nach Mailand.<\/p>\n<\/div><!--advertisement--><div class=\"mx-5 sm:mx-0 sm:text-3xl text-2xl font-medium title-font mb-4 text-gray-900 text-left\">\n<h2 id=\"h-dos-bases-lucerna-e-interlaken\">Zwei St\u00fctzpunkte: Luzern und Interlaken<\/h2>\n<\/div><!--advertisement--><div class=\"mx-5 sm:mx-0 sm:text-3xl text-2xl font-medium title-font mb-4 text-gray-900 text-left\">\n<h3 id=\"h-4-dias-3\">4 Tage<\/h3>\n<\/div><div class=\"mx-5 sm:mx-0 prose leading-relaxed text-lg mb-5 text-left wp-paragraph\">\n<p>Bleiben Sie 2 Tage in Luzern und machen Sie am n\u00e4chsten Tag die Runde von der Rigi nach Bern. Dann fahren Sie nach Interlaken. Am vierten Tag geht die Top of Europe-Runde weiter.<\/p>\n<\/div><!--advertisement--><div class=\"mx-5 sm:mx-0 sm:text-3xl text-2xl font-medium title-font mb-4 text-gray-900 text-left\">\n<h2 id=\"h-dos-bases-montreux-o-lausana-mas-zermatt\">Zwei St\u00fctzpunkte: Montreux oder Lausanne plus Zermatt<\/h2>\n<\/div><!--advertisement--><div class=\"mx-5 sm:mx-0 sm:text-3xl text-2xl font-medium title-font mb-4 text-gray-900 text-left\">\n<h3 id=\"h-4-dias-4\">4 Tage<\/h3>\n<\/div><div class=\"mx-5 sm:mx-0 prose leading-relaxed text-lg mb-5 text-left wp-paragraph\">\n<p>Verbringen Sie 2 Tage in Montreux, am zweiten Tag unternehmen Sie eine R\u00fcckreise nach Bern. Auf der dritten fahren Sie nach Zermatt und nehmen die Ausfahrt Spiez, weiter bis Visp. Nach zwei N\u00e4chten besuchen Sie das Gletscher- und Gonergrat-Paradies.<\/p>\n<\/div><!--advertisement--><div class=\"mx-5 sm:mx-0 sm:text-3xl text-2xl font-medium title-font mb-4 text-gray-900 text-left\">\n<h3 id=\"h-5-dias-2\">5 Tage<\/h3>\n<\/div><div class=\"mx-5 sm:mx-0 prose leading-relaxed text-lg mb-5 text-left wp-paragraph\">\n<p>Nach zwei N\u00e4chten in Montreux nehmen Sie den Schokoladenzug. Nutzen Sie am dritten Tag den Bern-Tagesausflug. Im vierten geht es hoch nach Zermatt, runter nach Spiez. Und am f\u00fcnften Tag unternehmen Sie den Gonergrat und das Glacier Paradise.<\/p>\n<\/div><!--advertisement--><div class=\"mx-5 sm:mx-0 sm:text-3xl text-2xl font-medium title-font mb-4 text-gray-900 text-left\">\n<h2 id=\"h-dos-bases-zurich-y-zermatt\">Zwei St\u00fctzpunkte: Z\u00fcrich und Zermatt<\/h2>\n<\/div><!--advertisement--><div class=\"mx-5 sm:mx-0 sm:text-3xl text-2xl font-medium title-font mb-4 text-gray-900 text-left\">\n<h3 id=\"h-4-dias-5\">4 Tage<\/h3>\n<\/div><div class=\"mx-5 sm:mx-0 prose leading-relaxed text-lg mb-5 text-left wp-paragraph\">\n<p>Bleiben Sie 2 Tage in Z\u00fcrich, folgen Sie Bern mit der F\u00e4hre und fahren Sie mit dem Glacier Express nach Zermatt. Nach zwei N\u00e4chten geht es zum Gonergrat. Schlie\u00dflich steigen Sie zum Gletscherparadies auf.<\/p>\n<\/div><!--advertisement--><div class=\"mx-5 sm:mx-0 sm:text-3xl text-2xl font-medium title-font mb-4 text-gray-900 text-left\">\n<h2 id=\"h-dos-bases-interlaken-y-montreux-o-lausana\">Zwei St\u00fctzpunkte: Interlaken und Montreux oder Lausanne<\/h2>\n<\/div><!--advertisement--><div class=\"mx-5 sm:mx-0 sm:text-3xl text-2xl font-medium title-font mb-4 text-gray-900 text-left\">\n<h3 id=\"h-4-dias-6\">4 Tage<\/h3>\n<\/div><div class=\"mx-5 sm:mx-0 prose leading-relaxed text-lg mb-5 text-left wp-paragraph\">\n<p>Nach einem Zwischenstopp in Bern geht es weiter nach Interlaken. Nach 2 N\u00e4chten geht es mit Top of Europe weiter. Nutzen Sie am dritten Tag den Spiez und folgen Sie der Zugstrecke der Golden Pass Line nach Montreux.<\/p>\n<\/div><!--advertisement--><div class=\"mx-5 sm:mx-0 sm:text-3xl text-2xl font-medium title-font mb-4 text-gray-900 text-left\">\n<h2 id=\"h-3-bases-lucerna-interlaken-y-montreux-o-lausana\">3 St\u00fctzpunkte: Luzern, Interlaken und Montreux oder Lausanne<\/h2>\n<\/div><!--advertisement--><div class=\"mx-5 sm:mx-0 sm:text-3xl text-2xl font-medium title-font mb-4 text-gray-900 text-left\">\n<h3 id=\"h-5-dias-3\">5 Tage<\/h3>\n<\/div><div class=\"mx-5 sm:mx-0 prose leading-relaxed text-lg mb-5 text-left wp-paragraph\">\n<p>Nach 2 N\u00e4chten in Luzern geht es weiter nach Interlaken. Dann machen Sie Halt in Bern und verbringen Sie zwei N\u00e4chte in Interlaken. Dann folgen Sie der Top-of-Europe-Strecke.<\/p>\n<\/div><!--advertisement--><div class=\"mx-5 sm:mx-0 sm:text-3xl text-2xl font-medium title-font mb-4 text-gray-900 text-left\">\n<h2 id=\"h-pase-por-liechtenstein\">Fahren Sie durch Liechtenstein<\/h2>\n<\/div><!--advertisement--><div class=\"mx-5 sm:mx-0 sm:text-3xl text-2xl font-medium title-font mb-4 text-gray-900 text-left\">\n<h3 id=\"h-4-dias-7\">4 Tage<\/h3>\n<\/div><div class=\"mx-5 sm:mx-0 prose leading-relaxed text-lg mb-5 text-left wp-paragraph\">\n<p>Zwei N\u00e4chte in Luzern und ein Tagesausflug nach Bern. Dann geh zum Boxenstopp und schlafe dort. Dann nehmen Sie den Bernina Express nach Lugano.<\/p>\n<\/div><!--advertisement--><div class=\"mx-5 sm:mx-0 sm:text-3xl text-2xl font-medium title-font mb-4 text-gray-900 text-left\">\n<h3 id=\"h-5-dias-4\">5 Tage<\/h3>\n<\/div><div class=\"mx-5 sm:mx-0 prose leading-relaxed text-lg mb-5 text-left wp-paragraph\">\n<p>Zwei N\u00e4chte in Luzern und ein Tagesausflug nach Bern. Dann fahren Sie nach Liechtenstein. \u00dcbernachten Sie in Chur und fahren Sie dann mit dem Bernina-Express nach Lugano. Verbringen Sie die restlichen Tage dort.<\/p>\n<\/div><!--advertisement--><div class=\"mx-5 sm:mx-0 sm:text-3xl text-2xl font-medium title-font mb-4 text-gray-900 text-left\">\n<h3 id=\"h-5-dias-5\">5 Tage<\/h3>\n<\/div><div class=\"mx-5 sm:mx-0 prose leading-relaxed text-lg mb-5 text-left wp-paragraph\">\n<p>Machen Sie nach einer Nacht in Z\u00fcrich einen Zwischenstopp in Vaduz. \u00dcbernachten Sie in Chur und fahren Sie dann mit dem Glacier Express nach Zermatt. Nach 2 N\u00e4chten erreichen Sie den Gonergrat und steigen zum Schluss hinauf zum Glacier Paradise. Am Nachmittag R\u00fcckkehr nach Bern.<\/p>\n<\/div><!--advertisement--><div class=\"mx-5 sm:mx-0 sm:text-3xl text-2xl font-medium title-font mb-4 text-gray-900 text-left\">\n<h2 id=\"h-regreso-a-suiza\">R\u00fcckkehr in die Schweiz<\/h2>\n<\/div><!--advertisement--><div class=\"mx-5 sm:mx-0 sm:text-3xl text-2xl font-medium title-font mb-4 text-gray-900 text-left\">\n<h3 id=\"h-7-dias\">7 Tage<\/h3>\n<\/div><div class=\"mx-5 sm:mx-0 prose leading-relaxed text-lg mb-5 text-left wp-paragraph\">\n<p>Verbringen Sie 2 N\u00e4chte in Montreux oder Lausanne, am dritten Tag nutzen Sie die Route der Golden Pass Line nach Interlaken. Am vierten Tag besuchen Sie den Gipfel Europas und am f\u00fcnften machen Sie Halt in Bern. Dann fahren Sie nach Luzern und bleiben Sie 2 N\u00e4chte. Am siebten Tag geht es weiter nach Lugano.<\/p>\n<\/div><!--advertisement--><div class=\"mx-5 sm:mx-0 sm:text-3xl text-2xl font-medium title-font mb-4 text-gray-900 text-left\">\n<h3 id=\"h-7-dias-1\">7 Tage<\/h3>\n<\/div><div class=\"mx-5 sm:mx-0 prose leading-relaxed text-lg mb-5 text-left wp-paragraph\">\n<p>Bleiben Sie eine Nacht in Z\u00fcrich und fahren Sie dann nach Liechtenstein. \u00dcbernachten Sie in Chur und fahren Sie am dritten Tag mit dem Glacier Express nach Zermatt. Nach zwei N\u00e4chten geht es hinauf zum Gonergrat und die andere zum Glacier Paradise. Dann steigen Sie in Montreux aus. Die restlichen N\u00e4chte werden Sie an diesem Reiseziel verbringen und die R\u00fcckreise nach Bern antreten.<\/p>\n<\/div><!--advertisement--><div class=\"mx-5 sm:mx-0 sm:text-3xl text-2xl font-medium title-font mb-4 text-gray-900 text-left\">\n<h3 id=\"h-8-dias\">8 Tage<\/h3>\n<\/div><div class=\"mx-5 sm:mx-0 prose leading-relaxed text-lg mb-5 text-left wp-paragraph\">\n<p>Verbringen Sie eine Nacht in Z\u00fcrich und fahren Sie dann nach Montreux mit Zwischenstopp in Bern. Nach zwei N\u00e4chten Weiterfahrt nach Luzern. Bleiben Sie zwei N\u00e4chte und fahren Sie nach St. Moris, wo Sie zwei N\u00e4chte bleiben. Am achten Tag geht es nach Mailand.<\/p>\n<\/div><!--advertisement--><div class=\"mx-5 sm:mx-0 sm:text-3xl text-2xl font-medium title-font mb-4 text-gray-900 text-left\">\n<h3 id=\"h-8-dias-1\">8 Tage<\/h3>\n<\/div><div class=\"mx-5 sm:mx-0 prose leading-relaxed text-lg mb-5 text-left wp-paragraph\">\n<p>Nach einer Nacht in Z\u00fcrich fahren Sie nach Chur und machen Halt in Vaduz. Schlafen Sie in Chur und fahren Sie dann nach Zermatt. Bleiben Sie 2 Tage und steigen Sie auf den Gonergrat. Auf der anderen Seite fahren Sie nach Glacier Paradise und dann hinunter nach Montreux, wo Sie zwei Tage bleiben. Dann fahren Sie nach Luzern und machen einen Zwischenstopp in Bern. Abschlie\u00dfend geht es weiter Richtung Lugano.<\/p>\n<\/div><div class=\"wp-block-lazyblock-cta lazyblock-cta-x77fH\">\n  <section class=\"cta mx-5 sm:mx-0 text-gray-600 body-font my-10 border-gray-200 border-b border-l border-r sm:border-0\">\n    <div class=\"h-1 bg-gray-200 rounded overflow-hidden\">\n      <div class=\"w-24 h-full\"><\/div>\n    <\/div>\n    <div class=\"container px-5 pt-6 pb-6 mx-auto flex flex-wrap\" data-anchor-target=\"lazyBlock\">    \n    \n              <a class=\"flex flex-wrap content-center w-full mb-4 md:hidden\" href=\"https:\/\/destinoseviajes.com\/de\/viaje-entre-holanda-y-belgica-en-tren-guia-completa-para-un-viaje-tranquilo\/\"  data-analytics-label=\"ctaImage\" data-action=\"analytics#trackCTA\" aria-label=\"Niederlande und Belgien\">\n          <div class=\"m-auto float-none\">\n            <img decoding=\"async\" loading=\"lazy\" src=\"https:\/\/destinoseviajes.com\/wp-content\/uploads\/2024\/02\/image-1.png\" alt=\"\">\n          <\/div>\n        <\/a>\n            <h2 class=\"w-full sm:text-3xl text-2xl text-gray-900 font-medium title-font mb-2 text-center md:text-left md:w-2\/5\">\n        <a href=\"https:\/\/destinoseviajes.com\/de\/viaje-entre-holanda-y-belgica-en-tren-guia-completa-para-un-viaje-tranquilo\/\" data-analytics-label=\"ctaTitle\" data-action=\"analytics#trackCTA\" aria-label=\"Niederlande und Belgien\">\n            Niederlande und Belgien        <\/a>\n      <\/h2>\n      <div class=\"w-full md:w-3\/5 md:pl-6\">\n        <p class=\"text-center md:text-left leading-relaxed text-base\">\n            Mit dem Zug zwischen den Niederlanden und Belgien reisen: Kompletter Reisef\u00fchrer f\u00fcr eine stressfreie Reise. Entdecken Sie, wie Sie die beste Reise erleben.        <\/p>\n        <div class=\"flex mt-6 w-full flex-1 justify-center ml-auto md:mt-4 md:justify-start\" style=\"font-weight: bold;\">\n          <a class=\"inline-flex items-center\" href=\"https:\/\/destinoseviajes.com\/de\/viaje-entre-holanda-y-belgica-en-tren-guia-completa-para-un-viaje-tranquilo\/\"  data-analytics-label=\"ctaButton\" data-action=\"analytics#trackCTA\" >\n            Weiterlesen            <svg fill=\"none\" stroke=\"currentColor\" stroke-linecap=\"round\" stroke-linejoin=\"round\" stroke-width=\"2\" class=\"w-4 h-4 ml-2\" viewbox=\"0 0 24 24\">\n              <path d=\"M5 12h14M12 5l7 7-7 7\"><\/path>\n            <\/svg>\n          <\/a>\n        <\/div>\n      <\/div>  \n          \n    <\/div>\n      <script type=\"module\"> function waitFor(conditionFunction) { const poll = resolve => { if(conditionFunction()) resolve(); else setTimeout(_ => poll(resolve), 400); }; return new Promise(poll); } import { Application, Controller } from \"\/wp-content\/themes\/twentytwentyone\/assets\/js\/stimulus.min.js\"; let Stimulus = Application.start(); Stimulus.register(\"anchor\", class extends Controller { static get targets() { return [ \"lazyBlock\", \"lazyBlockAnchor\" ]; } initialize() { this.active = false; this.passed = false; this.closed = false; this.anchorViews = 0; this.boundOnShowAnchor = this.onShowAnchor.bind(this); window.anchorReady = window.anchorReady || false; waitFor(_ => (window.scrollY > this.getHeightBlock() && !this.active)) .then(_ => { !window.anchorReady? this.visible() : ''; window.anchorReady = true; }); if (document.getElementById('landing')) { setTimeout(() => { !window.anchorReady ? this.visible() : ''; window.anchorReady = true; }, 1 * 30000); }; } connect() { this.onShowAnchor(); document.addEventListener(\"scroll\", this.boundOnShowAnchor); } disconnect() { document.removeEventListener(\"scroll\", this.boundOnShowAnchor); } visible() { if (document.getElementById('av-offerwall__wrapper')) { setTimeout(() => this.visible(), 20000); return; } if (document.getElementById('av-fixed__bottomWrapper') && document.getElementById('av-fixed__bottomWrapper').style.display !== 'none' && document.getElementById('av-fixed__bottomWrapper').getBoundingClientRect().height > 100) { setTimeout(() => this.visible(), 1000); return; } if (document.getElementById('av-fixed__bottomWrapper') && document.getElementById('av-fixed__bottomWrapper').style.display !== 'none' && document.getElementById('av-fixed__bottomWrapper').getBoundingClientRect().height > 10) { this.getAnchorElement().style.marginBottom = '60px'; } if (document.querySelector('[data-anchor-shown=\"true\"]') && document.querySelector('[data-anchor-shown=\"true\"]').style.bottom === '0px') { setTimeout(() => this.visible(), 1000); return; } if (!window.km2AnchorReady) { this.active = true; \/*this.getAnchorElement().style.animation = \"none\"; this.getAnchorElement().classList.remove('animate-show-down');*\/ \/*this.getAnchorElement().classList.add('animate-show-up');*\/ \/*setTimeout(() => {*\/ \/*this.getAnchorElement().style.animation = \"\";*\/ this.getAnchorElement().classList.add('animate-show-up'); this.getAnchorElement().classList.remove('hidden'); this.setAnchorViews(this.anchorViews+1); setTimeout(() => this.closeAnchor(), 20000); waitFor(_ => (document.getElementById('av-fixed__bottomWrapper') && document.getElementById('av-fixed__bottomWrapper').style.display !== 'none' && document.getElementById('av-fixed__bottomWrapper').getBoundingClientRect().height > 10 && this.getAnchorElement().style.marginBottom !== '60px')) .then(_ => { this.closeAnchor(); }); this.active = false; \/*}, 10);*\/ } } invisible() { this.active = true; this.getAnchorElement().style.animation = \"none\"; this.getAnchorElement().classList.remove('animate-show-up'); this.getAnchorElement().classList.add('animate-show-down'); setTimeout(() => { this.getAnchorElement().style.animation = \"\"; setTimeout(() => { this.getAnchorElement().classList.add('hidden'); this.active = false; }, 800); }, 10); } onShowAnchor() { let anchorReady = false;  \/*if (!this.active && !anchorReady) { if (this.getAnchorViews() <= 3) { if (window.scrollY > this.getHeightBlock()) { if (!this.passed && !this.closed) { this.visible(); this.passed = true; } } else { if (this.passed) { this.invisible(); this.passed = false; } } } else { if (!this.getAnchorElement().classList.contains('close')) { this.getAnchorElement().classList.add('close'); if (window.scrollY < this.getHeightBlock()) { this.invisible(); } } } }*\/ } closeAnchor() { if (this.closed) return; this.invisible(); this.getAnchorElement().classList.add('close'); this.closed = true; } getAnchorElement() { return this.lazyBlockAnchorTargets[0]; } getAnchorViews() { this.anchorViews = parseInt(sessionStorage.getItem(\"anchorViews\")) >= 1 ? parseInt(sessionStorage.getItem(\"anchorViews\")) : 0; return this.anchorViews; } setAnchorViews(views) { sessionStorage.setItem(\"anchorViews\", views); } getHeightBlock() { return this.lazyBlockTarget.offsetTop + this.lazyBlockTarget.offsetHeight - 110; } }) <\/script>  <div data-anchor-target=\"lazyBlockAnchor\" class=\"fixed w-full sm:w-96 px-3 py-2 bottom-0 left-0 hidden\" style=\"z-index: 999999;\" name=\"lazyBlockAnchor\">\n    <div class=\"grid justify-items-stretch\">        \n              <div class=\"relative justify-self-end top-4 -right-2\">\n          <button data-no-translation class=\"bg-white text-md font-medium text-center rounded-full h-7 w-7 border-2\" data-analytics-label=\"anchorCloseAnchor\" data-action=\"anchor#closeAnchor\" style=\"z-index: 999999;\">\n            X\n          <\/button>\n        <\/div>\n        <div class=\"justify-self-auto flex flex-col h-32 bg-white border-solid border-2 shadow-md rounded-md\">\n          <div class=\"flex my-0 h-full\">\n            <div class=\"w-2\/5 p-1 ml-2 mt-2 w-full\">\n              <a href=\"https:\/\/destinoseviajes.com\/de\/viaje-entre-holanda-y-belgica-en-tren-guia-completa-para-un-viaje-tranquilo\/\"  data-analytics-label=\"anchorImage\" data-action=\"analytics#trackCTA\">          \n                <img decoding=\"async\" loading=\"lazy\" alt=\"card\" class=\"w-full object-cover h-24 object-center rounded justify-self-auto border-2 border-gray-100\" src=\"https:\/\/destinoseviajes.com\/wp-content\/uploads\/2024\/02\/image-1.png\">          \n              <\/a>\n            <\/div>\n            <div class=\"w-3\/5 my-2\">\n              <p class=\"px-4 text-center text-xs h-1\/2\">\n                Niederlande und Belgien              <\/p>\n              <a href=\"https:\/\/destinoseviajes.com\/de\/viaje-entre-holanda-y-belgica-en-tren-guia-completa-para-un-viaje-tranquilo\/\"  data-analytics-label=\"anchorButton\" data-action=\"analytics#trackCTA\" >\n                <button class=\"flex w-5\/6 m-auto mt-2 border-0 py-1 px-3 focus:outline-none rounded\">                \n                  <p class=\"text-center w-full\" style=\"font-size: 0.67rem;\">\n                    Weiterlesen                  <\/p>\n                <\/button>\n              <\/a>\n              <p class=\"text-gray-500 text-center mt-1\" style=\"font-size: 0.50rem;\">\n                Sie bleiben auf derselben Website              <\/p>\n            <\/div>\n          <\/div>\n        <\/div>\n          <\/div>\n  <\/div>\n  <\/section>\n\n<\/div>","protected":false},"excerpt":{"rendered":"<p>30 vollst\u00e4ndige Reiserouten von 2 bis 8 Tagen f\u00fcr Ihre Reise Europa ist zweifellos einer der besten Orte zum Reisen. Nicht weil die L\u00e4nder besser oder schlechter sind, sondern weil alles so nah beieinander liegt und so zug\u00e4nglich ist, dass man einfach ein Ticket nach Europa kaufen und Dutzende L\u00e4nder besuchen kann ... <a class=\"more-link\" href=\"https:\/\/destinoseviajes.com\/de\/explorando-suiza-en-tren-30-itinerarios-completos-de-2-a-8-dias\/\">Lesen Sie weiter <span class=\"screen-reader-text\">Die Schweiz mit dem Zug erkunden: 30 vollst\u00e4ndige Reiserouten von 2 bis 8 Tagen<\/span><\/a><\/p>","protected":false},"author":5,"featured_media":0,"comment_status":"open","ping_status":"open","sticky":false,"template":"","format":"standard","meta":[],"categories":[812],"tags":[],"yoast_head":"<!-- This site is optimized with the Yoast SEO Premium plugin v18.7 (Yoast SEO v19.1) - https:\/\/yoast.com\/wordpress\/plugins\/seo\/ -->\n<title>Explorando Suiza en Tren: 30 Itinerarios Completos, de 2 a 8 D\u00edas - Destinos e Viajes<\/title>\n<meta name=\"description\" content=\"Explorando Suiza en tren: 30 itinerarios completos, \u00a1de 2 a 8 d\u00edas! Descubra ahora c\u00f3mo explorar Suiza en tren.\" \/>\n<meta name=\"robots\" content=\"index, follow, max-snippet:-1, max-image-preview:large, max-video-preview:-1\" \/>\n<link rel=\"canonical\" href=\"https:\/\/destinoseviajes.com\/de\/explorando-suiza-en-tren-30-itinerarios-completos-de-2-a-8-dias\/\" \/>\n<meta property=\"og:locale\" content=\"de_DE\" \/>\n<meta property=\"og:type\" content=\"article\" \/>\n<meta property=\"og:title\" content=\"Explorando Suiza en Tren: 30 Itinerarios Completos, de 2 a 8 D\u00edas\" \/>\n<meta property=\"og:description\" content=\"Explorando Suiza en tren: 30 itinerarios completos, \u00a1de 2 a 8 d\u00edas! Descubra ahora c\u00f3mo explorar Suiza en tren.\" \/>\n<meta property=\"og:url\" content=\"https:\/\/destinoseviajes.com\/de\/explorando-suiza-en-tren-30-itinerarios-completos-de-2-a-8-dias\/\" \/>\n<meta property=\"og:site_name\" content=\"Destinos e Viajes\" \/>\n<meta property=\"article:published_time\" content=\"2024-02-21T23:07:13+00:00\" \/>\n<meta property=\"article:modified_time\" content=\"2025-09-18T12:18:52+00:00\" \/>\n<meta property=\"og:image\" content=\"https:\/\/destinoseviajes.com\/wp-content\/uploads\/2024\/02\/image-19.png\" \/>\n<meta name=\"twitter:card\" content=\"summary_large_image\" \/>\n<meta name=\"twitter:label1\" content=\"Written by\" \/>\n\t<meta name=\"twitter:data1\" content=\"Pedro Saynovich\" \/>\n\t<meta name=\"twitter:label2\" content=\"Est. reading time\" \/>\n\t<meta name=\"twitter:data2\" content=\"7 Minuten\" \/>\n<script type=\"application\/ld+json\" class=\"yoast-schema-graph\">{\"@context\":\"https:\/\/schema.org\",\"@graph\":[{\"@type\":\"WebSite\",\"@id\":\"https:\/\/destinoseviajes.com\/#website\",\"url\":\"https:\/\/destinoseviajes.com\/\",\"name\":\"Destinos e Viajes\",\"description\":\"\",\"potentialAction\":[{\"@type\":\"SearchAction\",\"target\":{\"@type\":\"EntryPoint\",\"urlTemplate\":\"https:\/\/destinoseviajes.com\/?s={search_term_string}\"},\"query-input\":\"required name=search_term_string\"}],\"inLanguage\":\"de-DE\"},{\"@type\":\"ImageObject\",\"inLanguage\":\"de-DE\",\"@id\":\"https:\/\/destinoseviajes.com\/explorando-suiza-en-tren-30-itinerarios-completos-de-2-a-8-dias\/#primaryimage\",\"url\":\"https:\/\/destinoseviajes.com\/wp-content\/uploads\/2024\/02\/image-19.png\",\"contentUrl\":\"https:\/\/destinoseviajes.com\/wp-content\/uploads\/2024\/02\/image-19.png\",\"width\":996,\"height\":661},{\"@type\":\"WebPage\",\"@id\":\"https:\/\/destinoseviajes.com\/explorando-suiza-en-tren-30-itinerarios-completos-de-2-a-8-dias\/#webpage\",\"url\":\"https:\/\/destinoseviajes.com\/explorando-suiza-en-tren-30-itinerarios-completos-de-2-a-8-dias\/\",\"name\":\"Explorando Suiza en Tren: 30 Itinerarios Completos, de 2 a 8 D\u00edas - Destinos e Viajes\",\"isPartOf\":{\"@id\":\"https:\/\/destinoseviajes.com\/#website\"},\"primaryImageOfPage\":{\"@id\":\"https:\/\/destinoseviajes.com\/explorando-suiza-en-tren-30-itinerarios-completos-de-2-a-8-dias\/#primaryimage\"},\"datePublished\":\"2024-02-21T23:07:13+00:00\",\"dateModified\":\"2025-09-18T12:18:52+00:00\",\"author\":{\"@id\":\"https:\/\/destinoseviajes.com\/#\/schema\/person\/43806adebd8a5d6bf75a3ba4479e1965\"},\"description\":\"Explorando Suiza en tren: 30 itinerarios completos, \u00a1de 2 a 8 d\u00edas! Descubra ahora c\u00f3mo explorar Suiza en tren.\",\"breadcrumb\":{\"@id\":\"https:\/\/destinoseviajes.com\/explorando-suiza-en-tren-30-itinerarios-completos-de-2-a-8-dias\/#breadcrumb\"},\"inLanguage\":\"de-DE\",\"potentialAction\":[{\"@type\":\"ReadAction\",\"target\":[\"https:\/\/destinoseviajes.com\/explorando-suiza-en-tren-30-itinerarios-completos-de-2-a-8-dias\/\"]}]},{\"@type\":\"BreadcrumbList\",\"@id\":\"https:\/\/destinoseviajes.com\/explorando-suiza-en-tren-30-itinerarios-completos-de-2-a-8-dias\/#breadcrumb\",\"itemListElement\":[{\"@type\":\"ListItem\",\"position\":1,\"name\":\"Home\",\"item\":\"https:\/\/destinoseviajes.com\/\"},{\"@type\":\"ListItem\",\"position\":2,\"name\":\"Explorando Suiza en Tren: 30 Itinerarios Completos, de 2 a 8 D\u00edas\"}]},{\"@type\":\"Person\",\"@id\":\"https:\/\/destinoseviajes.com\/#\/schema\/person\/43806adebd8a5d6bf75a3ba4479e1965\",\"name\":\"Pedro Saynovich\",\"image\":{\"@type\":\"ImageObject\",\"inLanguage\":\"de-DE\",\"@id\":\"https:\/\/destinoseviajes.com\/#\/schema\/person\/image\/\",\"url\":\"https:\/\/secure.gravatar.com\/avatar\/ae24d63a4b296976719eb7b1d4e1c7ca?s=96&d=mm&r=g\",\"contentUrl\":\"https:\/\/secure.gravatar.com\/avatar\/ae24d63a4b296976719eb7b1d4e1c7ca?s=96&d=mm&r=g\",\"caption\":\"Pedro Saynovich\"},\"url\":\"https:\/\/destinoseviajes.com\/de\/author\/pedrosaynovich\/\"}]}<\/script>\n<!-- \/ Yoast SEO Premium plugin. -->","yoast_head_json":{"title":"Explorando Suiza en Tren: 30 Itinerarios Completos, de 2 a 8 D\u00edas - Destinos e Viajes","description":"Explorando Suiza en tren: 30 itinerarios completos, \u00a1de 2 a 8 d\u00edas! Descubra ahora c\u00f3mo explorar Suiza en tren.","robots":{"index":"index","follow":"follow","max-snippet":"max-snippet:-1","max-image-preview":"max-image-preview:large","max-video-preview":"max-video-preview:-1"},"canonical":"https:\/\/destinoseviajes.com\/de\/explorando-suiza-en-tren-30-itinerarios-completos-de-2-a-8-dias\/","og_locale":"de_DE","og_type":"article","og_title":"Explorando Suiza en Tren: 30 Itinerarios Completos, de 2 a 8 D\u00edas","og_description":"Explorando Suiza en tren: 30 itinerarios completos, \u00a1de 2 a 8 d\u00edas! Descubra ahora c\u00f3mo explorar Suiza en tren.","og_url":"https:\/\/destinoseviajes.com\/de\/explorando-suiza-en-tren-30-itinerarios-completos-de-2-a-8-dias\/","og_site_name":"Destinos e Viajes","article_published_time":"2024-02-21T23:07:13+00:00","article_modified_time":"2025-09-18T12:18:52+00:00","og_image":[{"url":"https:\/\/destinoseviajes.com\/wp-content\/uploads\/2024\/02\/image-19.png"}],"twitter_card":"summary_large_image","twitter_misc":{"Written by":"Pedro Saynovich","Est. reading time":"7 Minuten"},"schema":{"@context":"https:\/\/schema.org","@graph":[{"@type":"WebSite","@id":"https:\/\/destinoseviajes.com\/#website","url":"https:\/\/destinoseviajes.com\/","name":"Destinos e Viajes","description":"","potentialAction":[{"@type":"SearchAction","target":{"@type":"EntryPoint","urlTemplate":"https:\/\/destinoseviajes.com\/?s={search_term_string}"},"query-input":"required name=search_term_string"}],"inLanguage":"de-DE"},{"@type":"ImageObject","inLanguage":"de-DE","@id":"https:\/\/destinoseviajes.com\/explorando-suiza-en-tren-30-itinerarios-completos-de-2-a-8-dias\/#primaryimage","url":"https:\/\/destinoseviajes.com\/wp-content\/uploads\/2024\/02\/image-19.png","contentUrl":"https:\/\/destinoseviajes.com\/wp-content\/uploads\/2024\/02\/image-19.png","width":996,"height":661},{"@type":"WebPage","@id":"https:\/\/destinoseviajes.com\/explorando-suiza-en-tren-30-itinerarios-completos-de-2-a-8-dias\/#webpage","url":"https:\/\/destinoseviajes.com\/explorando-suiza-en-tren-30-itinerarios-completos-de-2-a-8-dias\/","name":"Explorando Suiza en Tren: 30 Itinerarios Completos, de 2 a 8 D\u00edas - Destinos e Viajes","isPartOf":{"@id":"https:\/\/destinoseviajes.com\/#website"},"primaryImageOfPage":{"@id":"https:\/\/destinoseviajes.com\/explorando-suiza-en-tren-30-itinerarios-completos-de-2-a-8-dias\/#primaryimage"},"datePublished":"2024-02-21T23:07:13+00:00","dateModified":"2025-09-18T12:18:52+00:00","author":{"@id":"https:\/\/destinoseviajes.com\/#\/schema\/person\/43806adebd8a5d6bf75a3ba4479e1965"},"description":"Explorando Suiza en tren: 30 itinerarios completos, \u00a1de 2 a 8 d\u00edas! Descubra ahora c\u00f3mo explorar Suiza en tren.","breadcrumb":{"@id":"https:\/\/destinoseviajes.com\/explorando-suiza-en-tren-30-itinerarios-completos-de-2-a-8-dias\/#breadcrumb"},"inLanguage":"de-DE","potentialAction":[{"@type":"ReadAction","target":["https:\/\/destinoseviajes.com\/explorando-suiza-en-tren-30-itinerarios-completos-de-2-a-8-dias\/"]}]},{"@type":"BreadcrumbList","@id":"https:\/\/destinoseviajes.com\/explorando-suiza-en-tren-30-itinerarios-completos-de-2-a-8-dias\/#breadcrumb","itemListElement":[{"@type":"ListItem","position":1,"name":"Home","item":"https:\/\/destinoseviajes.com\/"},{"@type":"ListItem","position":2,"name":"Explorando Suiza en Tren: 30 Itinerarios Completos, de 2 a 8 D\u00edas"}]},{"@type":"Person","@id":"https:\/\/destinoseviajes.com\/#\/schema\/person\/43806adebd8a5d6bf75a3ba4479e1965","name":"Pedro Saynovich","image":{"@type":"ImageObject","inLanguage":"de-DE","@id":"https:\/\/destinoseviajes.com\/#\/schema\/person\/image\/","url":"https:\/\/secure.gravatar.com\/avatar\/ae24d63a4b296976719eb7b1d4e1c7ca?s=96&d=mm&r=g","contentUrl":"https:\/\/secure.gravatar.com\/avatar\/ae24d63a4b296976719eb7b1d4e1c7ca?s=96&d=mm&r=g","caption":"Pedro Saynovich"},"url":"https:\/\/destinoseviajes.com\/de\/author\/pedrosaynovich\/"}]}},"_links":{"self":[{"href":"https:\/\/destinoseviajes.com\/de\/wp-json\/wp\/v2\/posts\/33948"}],"collection":[{"href":"https:\/\/destinoseviajes.com\/de\/wp-json\/wp\/v2\/posts"}],"about":[{"href":"https:\/\/destinoseviajes.com\/de\/wp-json\/wp\/v2\/types\/post"}],"author":[{"embeddable":true,"href":"https:\/\/destinoseviajes.com\/de\/wp-json\/wp\/v2\/users\/5"}],"replies":[{"embeddable":true,"href":"https:\/\/destinoseviajes.com\/de\/wp-json\/wp\/v2\/comments?post=33948"}],"version-history":[{"count":0,"href":"https:\/\/destinoseviajes.com\/de\/wp-json\/wp\/v2\/posts\/33948\/revisions"}],"wp:attachment":[{"href":"https:\/\/destinoseviajes.com\/de\/wp-json\/wp\/v2\/media?parent=33948"}],"wp:term":[{"taxonomy":"category","embeddable":true,"href":"https:\/\/destinoseviajes.com\/de\/wp-json\/wp\/v2\/categories?post=33948"},{"taxonomy":"post_tag","embeddable":true,"href":"https:\/\/destinoseviajes.com\/de\/wp-json\/wp\/v2\/tags?post=33948"}],"curies":[{"name":"wp","href":"https:\/\/api.w.org\/{rel}","templated":true}]}}